{"id":7917,"date":"2020-01-28T10:32:04","date_gmt":"2020-01-28T09:32:04","guid":{"rendered":"https:\/\/praguesummerfestival.cz\/?p=7917"},"modified":"2020-01-28T10:32:05","modified_gmt":"2020-01-28T09:32:05","slug":"prague-summer-fetival-ohlasuje-prvni-jmena","status":"publish","type":"post","link":"https:\/\/praguesummerfestival.cz\/en\/prague-summer-fetival-ohlasuje-prvni-jmena\/","title":{"rendered":"Prague Summer Festival announces first names!"},"content":{"rendered":"<p>Nov\u00e1 pra\u017esk\u00e1 hudebn\u00ed s\u00e9rie <strong>Prague Summer Festival<\/strong> nab\u00eddne v \u010dervnu a \u010dervenci tohoto roku v A-parku Led\u00e1rny Bran\u00edk koncerty \u010desk\u00fdch a zahrani\u010dn\u00edch hv\u011bzd. Vystoup\u00ed ostrovn\u00ed metalcorov\u00e9 hv\u011bzdy <strong>Bring Me the Horizon<\/strong>, americk\u00e1 rockov\u00e1 legenda <strong>Foreigner<\/strong>, punkrocke\u0159i <strong>The Offspring<\/strong> nebo recesist\u00e9 <strong>Little BIG<\/strong>.Vstupenky zakoup\u00edte v s\u00edti GoOut. Prague Summer Festival po\u0159\u00e1d\u00e1 Ameba Production stoj\u00edc\u00ed za festivaly <strong>Rock for People<\/strong> a <strong>Kef\u00edr<\/strong>, s\u00e9ri\u00ed <strong>Rock for People Concerts<\/strong> a hudebn\u00ed konferenc\u00ed <strong>Nouvelle Prague<\/strong>.\n\n<\/p>","protected":false},"excerpt":{"rendered":"<p>Nov\u00e1 pra\u017esk\u00e1 hudebn\u00ed s\u00e9rie Prague Summer Festival nab\u00eddne v \u010dervnu a \u010dervenci tohoto roku v A-parku Led\u00e1rny Bran\u00edk koncerty \u010desk\u00fdch a zahrani\u010dn\u00edch hv\u011bzd. Vystoup\u00ed ostrovn\u00ed metalcorov\u00e9 hv\u011bzdy Bring Me the Horizon, americk\u00e1 rockov\u00e1 legenda Foreigner, punkrocke\u0159i The Offspring nebo recesist\u00e9 Little BIG.Vstupenky zakoup\u00edte v s\u00edti&#8230;<\/p>","protected":false},"author":4,"featured_media":0,"comment_status":"closed","ping_status":"open","sticky":false,"template":"","format":"standard","meta":[],"categories":[78],"tags":[],"_links":{"self":[{"href":"https:\/\/praguesummerfestival.cz\/en\/wp-json\/wp\/v2\/posts\/7917"}],"collection":[{"href":"https:\/\/praguesummerfestival.cz\/en\/wp-json\/wp\/v2\/posts"}],"about":[{"href":"https:\/\/praguesummerfestival.cz\/en\/wp-json\/wp\/v2\/types\/post"}],"author":[{"embeddable":true,"href":"https:\/\/praguesummerfestival.cz\/en\/wp-json\/wp\/v2\/users\/4"}],"replies":[{"embeddable":true,"href":"https:\/\/praguesummerfestival.cz\/en\/wp-json\/wp\/v2\/comments?post=7917"}],"version-history":[{"count":2,"href":"https:\/\/praguesummerfestival.cz\/en\/wp-json\/wp\/v2\/posts\/7917\/revisions"}],"predecessor-version":[{"id":7933,"href":"https:\/\/praguesummerfestival.cz\/en\/wp-json\/wp\/v2\/posts\/7917\/revisions\/7933"}],"wp:attachment":[{"href":"https:\/\/praguesummerfestival.cz\/en\/wp-json\/wp\/v2\/media?parent=7917"}],"wp:term":[{"taxonomy":"category","embeddable":true,"href":"https:\/\/praguesummerfestival.cz\/en\/wp-json\/wp\/v2\/categories?post=7917"},{"taxonomy":"post_tag","embeddable":true,"href":"https:\/\/praguesummerfestival.cz\/en\/wp-json\/wp\/v2\/tags?post=7917"}],"curies":[{"name":"wp","href":"https:\/\/api.w.org\/{rel}","templated":true}]}}