{"id":7994,"date":"2020-05-04T17:48:49","date_gmt":"2020-05-04T15:48:49","guid":{"rendered":"https:\/\/praguesummerfestival.cz\/?p=7994"},"modified":"2020-05-04T17:48:49","modified_gmt":"2020-05-04T15:48:49","slug":"presun-koncertu-bring-me-the-horizont","status":"publish","type":"post","link":"https:\/\/praguesummerfestival.cz\/en\/presun-koncertu-bring-me-the-horizont\/","title":{"rendered":"Bring Me The Horizont concert posponed"},"content":{"rendered":"<p class=\" translation-block\">We regret to announce that due to the current COVID-19 restrictions and out of an abundance of caution and consideration for the safety and well-being of the and, crew, partners and fans, that the Bring Me The Horizon concert at Prague Summer Festival will be postponed until 2021. We are working with the artist on the rescheduling date which we will announce as soon as possible. Please hold on to your ticket, it will be valid for the revised date. Refund information is available at the point of purchase.<\/p>","protected":false},"excerpt":{"rendered":"<p>V\u00e1\u017een\u00e9 fanynky, v\u00e1\u017een\u00ed fanou\u0161ci, z d\u016fvodu pandemie Covid-19 jsme nuceni p\u0159esunout koncert na zat\u00edm nezn\u00e1m\u00e9 datum. P\u0159edpokl\u00e1d\u00e1me, \u017ee koncert prob\u011bhne v roce 2021. V tuto chv\u00edli \u0159e\u0161\u00edme n\u00e1hradn\u00ed datum s managementem a agentem kapely. Ihned po jeho napl\u00e1nov\u00e1n\u00ed v\u00e1m d\u00e1me v\u011bd\u011bt. Vstupenky z\u016fst\u00e1vaj\u00ed v platnosti&#8230;.<\/p>","protected":false},"author":4,"featured_media":0,"comment_status":"closed","ping_status":"open","sticky":false,"template":"","format":"standard","meta":[],"categories":[78],"tags":[],"_links":{"self":[{"href":"https:\/\/praguesummerfestival.cz\/en\/wp-json\/wp\/v2\/posts\/7994"}],"collection":[{"href":"https:\/\/praguesummerfestival.cz\/en\/wp-json\/wp\/v2\/posts"}],"about":[{"href":"https:\/\/praguesummerfestival.cz\/en\/wp-json\/wp\/v2\/types\/post"}],"author":[{"embeddable":true,"href":"https:\/\/praguesummerfestival.cz\/en\/wp-json\/wp\/v2\/users\/4"}],"replies":[{"embeddable":true,"href":"https:\/\/praguesummerfestival.cz\/en\/wp-json\/wp\/v2\/comments?post=7994"}],"version-history":[{"count":1,"href":"https:\/\/praguesummerfestival.cz\/en\/wp-json\/wp\/v2\/posts\/7994\/revisions"}],"predecessor-version":[{"id":7995,"href":"https:\/\/praguesummerfestival.cz\/en\/wp-json\/wp\/v2\/posts\/7994\/revisions\/7995"}],"wp:attachment":[{"href":"https:\/\/praguesummerfestival.cz\/en\/wp-json\/wp\/v2\/media?parent=7994"}],"wp:term":[{"taxonomy":"category","embeddable":true,"href":"https:\/\/praguesummerfestival.cz\/en\/wp-json\/wp\/v2\/categories?post=7994"},{"taxonomy":"post_tag","embeddable":true,"href":"https:\/\/praguesummerfestival.cz\/en\/wp-json\/wp\/v2\/tags?post=7994"}],"curies":[{"name":"wp","href":"https:\/\/api.w.org\/{rel}","templated":true}]}}