{"id":8137,"date":"2021-04-14T10:28:04","date_gmt":"2021-04-14T08:28:04","guid":{"rendered":"https:\/\/praguesummerfestival.cz\/?p=8137"},"modified":"2021-04-14T10:54:11","modified_gmt":"2021-04-14T08:54:11","slug":"oznameni-koncert-bring-me-the-horizon","status":"publish","type":"post","link":"https:\/\/praguesummerfestival.cz\/en\/oznameni-koncert-bring-me-the-horizon\/","title":{"rendered":"Announcement - Bring Me The Horizon concert"},"content":{"rendered":"<p>\nDear fans,<\/p>\n\n\n\n<p>We are sad to announce, that due to the pandemic situation it is not possible to organize Bring Me The Horizon concert.<\/p>\n\n\n\n<p><strong>However, we are negotiating a new date with the band's management so that we can organize it as soon as possible. Tickets will be automatically transformed into a voucher<\/strong>\n kter\u00fd m\u016f\u017eete vyu\u017e\u00edt na jak\u00e9koliv akce po\u0159\u00e1dan\u00e9 n\u00e1mi, tedy Ameba  Production (Rock for People, Rock for People Concerts, Prague Summer  Festival, Kef\u00edr, Nouvelle Prague).<\/p>\n\n\n\n<p>Thank you very much for your patience. We know that the current situation with its uncertainty and no possibility of planning is difficult for each of us.<\/p>\n\n\n\n<p>We look forward to seeing you under the stage once it is possible again!\n\nPrague Summer Festival Team\n\n<\/p>","protected":false},"excerpt":{"rendered":"<p>V\u00e1\u017een\u00e9 fanynky, v\u00e1\u017een\u00ed fanou\u0161ci, velmi n\u00e1s to mrz\u00ed, ale koncert Bring Me The Horizon nen\u00ed mo\u017en\u00e9 za sou\u010dasn\u00e9 pandemick\u00e9 situace letos uspo\u0159\u00e1dat. Jedn\u00e1me v\u0161ak s management kapely, abychom koncert mohli uspo\u0159\u00e1dat v nejbli\u017e\u0161\u00edm mo\u017en\u00e9m term\u00ednu. Vstupenky v\u00e1m budou automaticky stornov\u00e1ny do voucheru, kter\u00fd m\u016f\u017eete vyu\u017e\u00edt&#8230;<\/p>","protected":false},"author":4,"featured_media":8143,"comment_status":"closed","ping_status":"open","sticky":false,"template":"","format":"standard","meta":[],"categories":[78],"tags":[],"_links":{"self":[{"href":"https:\/\/praguesummerfestival.cz\/en\/wp-json\/wp\/v2\/posts\/8137"}],"collection":[{"href":"https:\/\/praguesummerfestival.cz\/en\/wp-json\/wp\/v2\/posts"}],"about":[{"href":"https:\/\/praguesummerfestival.cz\/en\/wp-json\/wp\/v2\/types\/post"}],"author":[{"embeddable":true,"href":"https:\/\/praguesummerfestival.cz\/en\/wp-json\/wp\/v2\/users\/4"}],"replies":[{"embeddable":true,"href":"https:\/\/praguesummerfestival.cz\/en\/wp-json\/wp\/v2\/comments?post=8137"}],"version-history":[{"count":2,"href":"https:\/\/praguesummerfestival.cz\/en\/wp-json\/wp\/v2\/posts\/8137\/revisions"}],"predecessor-version":[{"id":8139,"href":"https:\/\/praguesummerfestival.cz\/en\/wp-json\/wp\/v2\/posts\/8137\/revisions\/8139"}],"wp:featuredmedia":[{"embeddable":true,"href":"https:\/\/praguesummerfestival.cz\/en\/wp-json\/wp\/v2\/media\/8143"}],"wp:attachment":[{"href":"https:\/\/praguesummerfestival.cz\/en\/wp-json\/wp\/v2\/media?parent=8137"}],"wp:term":[{"taxonomy":"category","embeddable":true,"href":"https:\/\/praguesummerfestival.cz\/en\/wp-json\/wp\/v2\/categories?post=8137"},{"taxonomy":"post_tag","embeddable":true,"href":"https:\/\/praguesummerfestival.cz\/en\/wp-json\/wp\/v2\/tags?post=8137"}],"curies":[{"name":"wp","href":"https:\/\/api.w.org\/{rel}","templated":true}]}}